{"id":1904,"date":"2021-10-08T12:55:59","date_gmt":"2021-10-08T10:55:59","guid":{"rendered":"https:\/\/www.talentmensch.coach\/?p=1904"},"modified":"2022-05-19T08:31:50","modified_gmt":"2022-05-19T06:31:50","slug":"koenigin-der-nacht","status":"publish","type":"post","link":"https:\/\/www.talentmensch.coach\/index.php\/2021\/10\/08\/koenigin-der-nacht\/","title":{"rendered":"K\u00f6nigin der Nacht"},"content":{"rendered":"<p>Pers\u00f6nlichkeitsentwicklung im Schritttempo.<\/p>\n<p>Pers\u00f6nliches Wachstum ist ein nat\u00fcrlicher Prozess, der anh\u00e4lt.<\/p>\n<p>Als ich anfing mich mit meiner Pers\u00f6nlichkeitsentwicklung zu besch\u00e4ftigen, wurde ich mir meiner<\/p>\n<blockquote><p>Verhaltensweisen<\/p>\n<p>Glaubenss\u00e4tze<\/p>\n<p>Werte<\/p><\/blockquote>\n<p>meinem Ich bewusst.<\/p>\n<blockquote><p>Der Weg ist das Ziel (Konfuzius)<\/p><\/blockquote>\n<p>Meinen Weg plane ich immer vorausschauend<\/p>\n<p>und genie\u00dfe Schritt f\u00fcr Schritt.<\/p>\n<p>An einem Zielort angekommen nehme ich mir keine Zeit,<\/p>\n<p>stattdessen werde ich kreativ und plane z\u00fcgig einen neuen Weg.<\/p>\n<p>&nbsp;<\/p>\n<blockquote><p>Warum ist das so?<\/p>\n<p>&nbsp;<\/p><\/blockquote>\n<p>Um diese Frage zu beantworten, stelle ich mir folgende Fragen:<\/p>\n<blockquote><p>Was f\u00fchle ich, wenn ich angekommen bin?<\/p>\n<p>Was empfinde ich, wenn ich unterwegs bin?<\/p>\n<p>Was glaube ich, dass mich mich antreibt?<\/p>\n<p>Was f\u00e4llt mir ein, wenn ich an Genu\u00df denke?<\/p>\n<p>Was brauche ich um das Ziel genie\u00dfen zu k\u00f6nnen?<\/p>\n<p>Warum ist der Weg das Ziel?<\/p>\n<p>&nbsp;<\/p><\/blockquote>\n<p>In vielen Bereichen meines Lebens lebe ich bereits entspannter und stehe flexibel auf meinen Beinen.<\/p>\n<p>Krisen, Probleme sind f\u00fcr mich heute nur noch positive, l\u00f6sungsorientierte Herausforderungen.<\/p>\n<blockquote><p>Klingt, gro\u00dfartig nicht wahr?<\/p><\/blockquote>\n<p>Ok, ich muss zugeben es hat l\u00e4nger gedauert, als mir lieb war,<\/p>\n<p>doch mein Wachstum hat mich etwas gelehrt,<\/p>\n<blockquote><p>ich kann mich nicht selber \u00fcberholen.<\/p><\/blockquote>\n<p>Der Prozess der pers\u00f6nlichen Entwicklung ist ein Prozess<\/p>\n<p>im eigenen Tempo und erfolgt Schritt f\u00fcr Schritt.<\/p>\n<p>&nbsp;<\/p>\n<p>Die K\u00f6nigin der Nacht,<\/p>\n<p>eine Kakteenart, zeigt nur einmal<\/p>\n<p>f\u00fcr wenige Stunden im Jahr<\/p>\n<p>ihre riesigen, wundersch\u00f6nen Bl\u00fcten.<\/p>\n<p>Sie nimmt sich ihre Zeit die sie braucht.<\/p>\n<p>Sie genie\u00dft ihr Ziel, verspr\u00fcht ihren<\/p>\n<p>bet\u00f6renden Vanilleduft.<\/p>\n<p>Die restlichen Tage des Jahres wirkt<\/p>\n<p>die K\u00f6nigin der Nacht<\/p>\n<blockquote><p>durchschnittlich<\/p>\n<p>gew\u00f6hnlich<\/p>\n<p>langweilig<\/p><\/blockquote>\n<p>Sie ist sich dann einfach gut genug.<\/p>\n<p>&nbsp;<\/p>\n<p>Dagegen schmei\u00dft sich der L\u00f6wenzahn nur so in die Menge.<\/p>\n<p>Er w\u00e4chst da, wo ihn der Wind hintreibt.<\/p>\n<p>In Ritzen, auf Feldern, in Felsspalten bl\u00fcht er und<\/p>\n<p>wird wahrgenommen, bewundert oder verflucht.<\/p>\n<p>Unabh\u00e4ngig davon w\u00e4chst er an anderer Stelle weiter.<\/p>\n<p>&nbsp;<\/p>\n<p>Egal ob K\u00f6nigin der Nacht oder L\u00f6wenzahn,<\/p>\n<blockquote><p>nimm dir die Zeit, die du brauchst<\/p>\n<p>genie\u00dfe<\/p>\n<p>stelle dir Fragen<\/p>\n<p>hinterfrage deine Handlungen<\/p>\n<p>h\u00f6re dir zu<\/p><\/blockquote>\n<p>erlaube dir\u2026<\/p>\n<blockquote><p>durchschnittlich<\/p>\n<p>gew\u00f6hnlich<\/p>\n<p>langweilig<\/p><\/blockquote>\n<p>oder einfach nur<\/p>\n<blockquote><p>gut genug<\/p><\/blockquote>\n<p>zu sein, damit du ohne Druck bl\u00fchen kannst.<\/p>\n<p>&nbsp;<\/p>\n<p>Was soll ich Euch sagen\u2026<\/p>\n<blockquote><p>Der Weg ist mein Ziel!<\/p><\/blockquote>\n<p>&nbsp;<\/p>\n<p><strong style=\"color: #ff6600;\">Herz<em>fr\u00f6hliche<\/em> Gr\u00fc\u00dfe<\/strong><\/p>\n<p><strong><span style=\"color: #ff6600;\">Manuela<\/span><\/strong><\/p>\n<p>&nbsp;<\/p>\n<p>&nbsp;<\/p>\n","protected":false},"excerpt":{"rendered":"<p>Pers\u00f6nlichkeitsentwicklung im Schritttempo. Pers\u00f6nliches Wachstum ist ein nat\u00fcrlicher Prozess, der anh\u00e4lt. Als ich anfing mich mit meiner Pers\u00f6nlichkeitsentwicklung zu besch\u00e4ftigen, wurde ich mir meiner Verhaltensweisen Glaubenss\u00e4tze Werte meinem Ich bewusst. Der Weg ist das Ziel (Konfuzius) Meinen Weg plane ich immer vorausschauend und genie\u00dfe Schritt f\u00fcr Schritt. An einem Zielort angekommen nehme ich mir keine [&hellip;]<\/p>\n","protected":false},"author":2,"featured_media":1928,"comment_status":"closed","ping_status":"closed","sticky":false,"template":"","format":"standard","meta":{"footnotes":""},"categories":[1,36],"tags":[],"class_list":["post-1904","post","type-post","status-publish","format-standard","has-post-thumbnail","hentry","category-allgemein","category-persoenlichkeitsentwicklung"],"yoast_head":"<!-- This site is optimized with the Yoast SEO plugin v27.3 - https:\/\/yoast.com\/product\/yoast-seo-wordpress\/ -->\n<title>K\u00f6nigin der Nacht - Manuela Thie<\/title>\n<meta name=\"robots\" content=\"index, follow, max-snippet:-1, max-image-preview:large, max-video-preview:-1\" \/>\n<link rel=\"canonical\" href=\"https:\/\/www.talentmensch.coach\/index.php\/2021\/10\/08\/koenigin-der-nacht\/\" \/>\n<meta property=\"og:locale\" content=\"de_DE\" \/>\n<meta property=\"og:type\" content=\"article\" \/>\n<meta property=\"og:title\" content=\"K\u00f6nigin der Nacht - Manuela Thie\" \/>\n<meta property=\"og:description\" content=\"Pers\u00f6nlichkeitsentwicklung im Schritttempo. Pers\u00f6nliches Wachstum ist ein nat\u00fcrlicher Prozess, der anh\u00e4lt. Als ich anfing mich mit meiner Pers\u00f6nlichkeitsentwicklung zu besch\u00e4ftigen, wurde ich mir meiner Verhaltensweisen Glaubenss\u00e4tze Werte meinem Ich bewusst. Der Weg ist das Ziel (Konfuzius) Meinen Weg plane ich immer vorausschauend und genie\u00dfe Schritt f\u00fcr Schritt. An einem Zielort angekommen nehme ich mir keine [&hellip;]\" \/>\n<meta property=\"og:url\" content=\"https:\/\/www.talentmensch.coach\/index.php\/2021\/10\/08\/koenigin-der-nacht\/\" \/>\n<meta property=\"og:site_name\" content=\"Manuela Thie\" \/>\n<meta property=\"article:publisher\" content=\"https:\/\/www.facebook.com\/talentmensch.coach\" \/>\n<meta property=\"article:published_time\" content=\"2021-10-08T10:55:59+00:00\" \/>\n<meta property=\"article:modified_time\" content=\"2022-05-19T06:31:50+00:00\" \/>\n<meta property=\"og:image\" content=\"https:\/\/www.talentmensch.coach\/wp-content\/uploads\/2021\/10\/A37573B8-389D-4CB5-82F9-E2A41833FF3D.jpeg\" \/>\n\t<meta property=\"og:image:width\" content=\"1733\" \/>\n\t<meta property=\"og:image:height\" content=\"1500\" \/>\n\t<meta property=\"og:image:type\" content=\"image\/jpeg\" \/>\n<meta name=\"author\" content=\"manuela thie\" \/>\n<meta name=\"twitter:card\" content=\"summary_large_image\" \/>\n<meta name=\"twitter:label1\" content=\"Verfasst von\" \/>\n\t<meta name=\"twitter:data1\" content=\"manuela thie\" \/>\n\t<meta name=\"twitter:label2\" content=\"Gesch\u00e4tzte Lesezeit\" \/>\n\t<meta name=\"twitter:data2\" content=\"2\u00a0Minuten\" \/>\n<script type=\"application\/ld+json\" class=\"yoast-schema-graph\">{\"@context\":\"https:\\\/\\\/schema.org\",\"@graph\":[{\"@type\":\"Article\",\"@id\":\"https:\\\/\\\/www.talentmensch.coach\\\/index.php\\\/2021\\\/10\\\/08\\\/koenigin-der-nacht\\\/#article\",\"isPartOf\":{\"@id\":\"https:\\\/\\\/www.talentmensch.coach\\\/index.php\\\/2021\\\/10\\\/08\\\/koenigin-der-nacht\\\/\"},\"author\":{\"name\":\"manuela thie\",\"@id\":\"https:\\\/\\\/www.talentmensch.coach\\\/#\\\/schema\\\/person\\\/26e1abfb338106b844248db288ebdbdd\"},\"headline\":\"K\u00f6nigin der Nacht\",\"datePublished\":\"2021-10-08T10:55:59+00:00\",\"dateModified\":\"2022-05-19T06:31:50+00:00\",\"mainEntityOfPage\":{\"@id\":\"https:\\\/\\\/www.talentmensch.coach\\\/index.php\\\/2021\\\/10\\\/08\\\/koenigin-der-nacht\\\/\"},\"wordCount\":402,\"publisher\":{\"@id\":\"https:\\\/\\\/www.talentmensch.coach\\\/#organization\"},\"image\":{\"@id\":\"https:\\\/\\\/www.talentmensch.coach\\\/index.php\\\/2021\\\/10\\\/08\\\/koenigin-der-nacht\\\/#primaryimage\"},\"thumbnailUrl\":\"https:\\\/\\\/www.talentmensch.coach\\\/wp-content\\\/uploads\\\/2021\\\/10\\\/A37573B8-389D-4CB5-82F9-E2A41833FF3D.jpeg\",\"articleSection\":{\"1\":\"Pers\u00f6nlichkeitsentwicklung\"},\"inLanguage\":\"de\"},{\"@type\":\"WebPage\",\"@id\":\"https:\\\/\\\/www.talentmensch.coach\\\/index.php\\\/2021\\\/10\\\/08\\\/koenigin-der-nacht\\\/\",\"url\":\"https:\\\/\\\/www.talentmensch.coach\\\/index.php\\\/2021\\\/10\\\/08\\\/koenigin-der-nacht\\\/\",\"name\":\"K\u00f6nigin der Nacht - Manuela Thie\",\"isPartOf\":{\"@id\":\"https:\\\/\\\/www.talentmensch.coach\\\/#website\"},\"primaryImageOfPage\":{\"@id\":\"https:\\\/\\\/www.talentmensch.coach\\\/index.php\\\/2021\\\/10\\\/08\\\/koenigin-der-nacht\\\/#primaryimage\"},\"image\":{\"@id\":\"https:\\\/\\\/www.talentmensch.coach\\\/index.php\\\/2021\\\/10\\\/08\\\/koenigin-der-nacht\\\/#primaryimage\"},\"thumbnailUrl\":\"https:\\\/\\\/www.talentmensch.coach\\\/wp-content\\\/uploads\\\/2021\\\/10\\\/A37573B8-389D-4CB5-82F9-E2A41833FF3D.jpeg\",\"datePublished\":\"2021-10-08T10:55:59+00:00\",\"dateModified\":\"2022-05-19T06:31:50+00:00\",\"breadcrumb\":{\"@id\":\"https:\\\/\\\/www.talentmensch.coach\\\/index.php\\\/2021\\\/10\\\/08\\\/koenigin-der-nacht\\\/#breadcrumb\"},\"inLanguage\":\"de\",\"potentialAction\":[{\"@type\":\"ReadAction\",\"target\":[\"https:\\\/\\\/www.talentmensch.coach\\\/index.php\\\/2021\\\/10\\\/08\\\/koenigin-der-nacht\\\/\"]}]},{\"@type\":\"ImageObject\",\"inLanguage\":\"de\",\"@id\":\"https:\\\/\\\/www.talentmensch.coach\\\/index.php\\\/2021\\\/10\\\/08\\\/koenigin-der-nacht\\\/#primaryimage\",\"url\":\"https:\\\/\\\/www.talentmensch.coach\\\/wp-content\\\/uploads\\\/2021\\\/10\\\/A37573B8-389D-4CB5-82F9-E2A41833FF3D.jpeg\",\"contentUrl\":\"https:\\\/\\\/www.talentmensch.coach\\\/wp-content\\\/uploads\\\/2021\\\/10\\\/A37573B8-389D-4CB5-82F9-E2A41833FF3D.jpeg\",\"width\":1733,\"height\":1500},{\"@type\":\"BreadcrumbList\",\"@id\":\"https:\\\/\\\/www.talentmensch.coach\\\/index.php\\\/2021\\\/10\\\/08\\\/koenigin-der-nacht\\\/#breadcrumb\",\"itemListElement\":[{\"@type\":\"ListItem\",\"position\":1,\"name\":\"Startseite\",\"item\":\"https:\\\/\\\/www.talentmensch.coach\\\/\"},{\"@type\":\"ListItem\",\"position\":2,\"name\":\"K\u00f6nigin der Nacht\"}]},{\"@type\":\"WebSite\",\"@id\":\"https:\\\/\\\/www.talentmensch.coach\\\/#website\",\"url\":\"https:\\\/\\\/www.talentmensch.coach\\\/\",\"name\":\"Talent Mensch Manuela Thie\",\"description\":\"Talent Mensch Coaching\",\"publisher\":{\"@id\":\"https:\\\/\\\/www.talentmensch.coach\\\/#organization\"},\"potentialAction\":[{\"@type\":\"SearchAction\",\"target\":{\"@type\":\"EntryPoint\",\"urlTemplate\":\"https:\\\/\\\/www.talentmensch.coach\\\/?s={search_term_string}\"},\"query-input\":{\"@type\":\"PropertyValueSpecification\",\"valueRequired\":true,\"valueName\":\"search_term_string\"}}],\"inLanguage\":\"de\"},{\"@type\":\"Organization\",\"@id\":\"https:\\\/\\\/www.talentmensch.coach\\\/#organization\",\"name\":\"Talent Mensch Manuela Thie\",\"url\":\"https:\\\/\\\/www.talentmensch.coach\\\/\",\"logo\":{\"@type\":\"ImageObject\",\"inLanguage\":\"de\",\"@id\":\"https:\\\/\\\/www.talentmensch.coach\\\/#\\\/schema\\\/logo\\\/image\\\/\",\"url\":\"https:\\\/\\\/www.talentmensch.coach\\\/wp-content\\\/uploads\\\/2021\\\/05\\\/logo_manuela_thie_talentmensch.png\",\"contentUrl\":\"https:\\\/\\\/www.talentmensch.coach\\\/wp-content\\\/uploads\\\/2021\\\/05\\\/logo_manuela_thie_talentmensch.png\",\"width\":890,\"height\":558,\"caption\":\"Talent Mensch Manuela Thie\"},\"image\":{\"@id\":\"https:\\\/\\\/www.talentmensch.coach\\\/#\\\/schema\\\/logo\\\/image\\\/\"},\"sameAs\":[\"https:\\\/\\\/www.facebook.com\\\/talentmensch.coach\",\"https:\\\/\\\/www.instagram.com\\\/talentmensch\\\/\"]},{\"@type\":\"Person\",\"@id\":\"https:\\\/\\\/www.talentmensch.coach\\\/#\\\/schema\\\/person\\\/26e1abfb338106b844248db288ebdbdd\",\"name\":\"manuela thie\",\"sameAs\":[\"http:\\\/\\\/talentmensch.coach\"],\"url\":\"https:\\\/\\\/www.talentmensch.coach\\\/index.php\\\/author\\\/manuela\\\/\"}]}<\/script>\n<!-- \/ Yoast SEO plugin. -->","yoast_head_json":{"title":"K\u00f6nigin der Nacht - Manuela Thie","robots":{"index":"index","follow":"follow","max-snippet":"max-snippet:-1","max-image-preview":"max-image-preview:large","max-video-preview":"max-video-preview:-1"},"canonical":"https:\/\/www.talentmensch.coach\/index.php\/2021\/10\/08\/koenigin-der-nacht\/","og_locale":"de_DE","og_type":"article","og_title":"K\u00f6nigin der Nacht - Manuela Thie","og_description":"Pers\u00f6nlichkeitsentwicklung im Schritttempo. Pers\u00f6nliches Wachstum ist ein nat\u00fcrlicher Prozess, der anh\u00e4lt. Als ich anfing mich mit meiner Pers\u00f6nlichkeitsentwicklung zu besch\u00e4ftigen, wurde ich mir meiner Verhaltensweisen Glaubenss\u00e4tze Werte meinem Ich bewusst. Der Weg ist das Ziel (Konfuzius) Meinen Weg plane ich immer vorausschauend und genie\u00dfe Schritt f\u00fcr Schritt. An einem Zielort angekommen nehme ich mir keine [&hellip;]","og_url":"https:\/\/www.talentmensch.coach\/index.php\/2021\/10\/08\/koenigin-der-nacht\/","og_site_name":"Manuela Thie","article_publisher":"https:\/\/www.facebook.com\/talentmensch.coach","article_published_time":"2021-10-08T10:55:59+00:00","article_modified_time":"2022-05-19T06:31:50+00:00","og_image":[{"width":1733,"height":1500,"url":"https:\/\/www.talentmensch.coach\/wp-content\/uploads\/2021\/10\/A37573B8-389D-4CB5-82F9-E2A41833FF3D.jpeg","type":"image\/jpeg"}],"author":"manuela thie","twitter_card":"summary_large_image","twitter_misc":{"Verfasst von":"manuela thie","Gesch\u00e4tzte Lesezeit":"2\u00a0Minuten"},"schema":{"@context":"https:\/\/schema.org","@graph":[{"@type":"Article","@id":"https:\/\/www.talentmensch.coach\/index.php\/2021\/10\/08\/koenigin-der-nacht\/#article","isPartOf":{"@id":"https:\/\/www.talentmensch.coach\/index.php\/2021\/10\/08\/koenigin-der-nacht\/"},"author":{"name":"manuela thie","@id":"https:\/\/www.talentmensch.coach\/#\/schema\/person\/26e1abfb338106b844248db288ebdbdd"},"headline":"K\u00f6nigin der Nacht","datePublished":"2021-10-08T10:55:59+00:00","dateModified":"2022-05-19T06:31:50+00:00","mainEntityOfPage":{"@id":"https:\/\/www.talentmensch.coach\/index.php\/2021\/10\/08\/koenigin-der-nacht\/"},"wordCount":402,"publisher":{"@id":"https:\/\/www.talentmensch.coach\/#organization"},"image":{"@id":"https:\/\/www.talentmensch.coach\/index.php\/2021\/10\/08\/koenigin-der-nacht\/#primaryimage"},"thumbnailUrl":"https:\/\/www.talentmensch.coach\/wp-content\/uploads\/2021\/10\/A37573B8-389D-4CB5-82F9-E2A41833FF3D.jpeg","articleSection":{"1":"Pers\u00f6nlichkeitsentwicklung"},"inLanguage":"de"},{"@type":"WebPage","@id":"https:\/\/www.talentmensch.coach\/index.php\/2021\/10\/08\/koenigin-der-nacht\/","url":"https:\/\/www.talentmensch.coach\/index.php\/2021\/10\/08\/koenigin-der-nacht\/","name":"K\u00f6nigin der Nacht - Manuela Thie","isPartOf":{"@id":"https:\/\/www.talentmensch.coach\/#website"},"primaryImageOfPage":{"@id":"https:\/\/www.talentmensch.coach\/index.php\/2021\/10\/08\/koenigin-der-nacht\/#primaryimage"},"image":{"@id":"https:\/\/www.talentmensch.coach\/index.php\/2021\/10\/08\/koenigin-der-nacht\/#primaryimage"},"thumbnailUrl":"https:\/\/www.talentmensch.coach\/wp-content\/uploads\/2021\/10\/A37573B8-389D-4CB5-82F9-E2A41833FF3D.jpeg","datePublished":"2021-10-08T10:55:59+00:00","dateModified":"2022-05-19T06:31:50+00:00","breadcrumb":{"@id":"https:\/\/www.talentmensch.coach\/index.php\/2021\/10\/08\/koenigin-der-nacht\/#breadcrumb"},"inLanguage":"de","potentialAction":[{"@type":"ReadAction","target":["https:\/\/www.talentmensch.coach\/index.php\/2021\/10\/08\/koenigin-der-nacht\/"]}]},{"@type":"ImageObject","inLanguage":"de","@id":"https:\/\/www.talentmensch.coach\/index.php\/2021\/10\/08\/koenigin-der-nacht\/#primaryimage","url":"https:\/\/www.talentmensch.coach\/wp-content\/uploads\/2021\/10\/A37573B8-389D-4CB5-82F9-E2A41833FF3D.jpeg","contentUrl":"https:\/\/www.talentmensch.coach\/wp-content\/uploads\/2021\/10\/A37573B8-389D-4CB5-82F9-E2A41833FF3D.jpeg","width":1733,"height":1500},{"@type":"BreadcrumbList","@id":"https:\/\/www.talentmensch.coach\/index.php\/2021\/10\/08\/koenigin-der-nacht\/#breadcrumb","itemListElement":[{"@type":"ListItem","position":1,"name":"Startseite","item":"https:\/\/www.talentmensch.coach\/"},{"@type":"ListItem","position":2,"name":"K\u00f6nigin der Nacht"}]},{"@type":"WebSite","@id":"https:\/\/www.talentmensch.coach\/#website","url":"https:\/\/www.talentmensch.coach\/","name":"Talent Mensch Manuela Thie","description":"Talent Mensch Coaching","publisher":{"@id":"https:\/\/www.talentmensch.coach\/#organization"},"potentialAction":[{"@type":"SearchAction","target":{"@type":"EntryPoint","urlTemplate":"https:\/\/www.talentmensch.coach\/?s={search_term_string}"},"query-input":{"@type":"PropertyValueSpecification","valueRequired":true,"valueName":"search_term_string"}}],"inLanguage":"de"},{"@type":"Organization","@id":"https:\/\/www.talentmensch.coach\/#organization","name":"Talent Mensch Manuela Thie","url":"https:\/\/www.talentmensch.coach\/","logo":{"@type":"ImageObject","inLanguage":"de","@id":"https:\/\/www.talentmensch.coach\/#\/schema\/logo\/image\/","url":"https:\/\/www.talentmensch.coach\/wp-content\/uploads\/2021\/05\/logo_manuela_thie_talentmensch.png","contentUrl":"https:\/\/www.talentmensch.coach\/wp-content\/uploads\/2021\/05\/logo_manuela_thie_talentmensch.png","width":890,"height":558,"caption":"Talent Mensch Manuela Thie"},"image":{"@id":"https:\/\/www.talentmensch.coach\/#\/schema\/logo\/image\/"},"sameAs":["https:\/\/www.facebook.com\/talentmensch.coach","https:\/\/www.instagram.com\/talentmensch\/"]},{"@type":"Person","@id":"https:\/\/www.talentmensch.coach\/#\/schema\/person\/26e1abfb338106b844248db288ebdbdd","name":"manuela thie","sameAs":["http:\/\/talentmensch.coach"],"url":"https:\/\/www.talentmensch.coach\/index.php\/author\/manuela\/"}]}},"_links":{"self":[{"href":"https:\/\/www.talentmensch.coach\/index.php\/wp-json\/wp\/v2\/posts\/1904","targetHints":{"allow":["GET"]}}],"collection":[{"href":"https:\/\/www.talentmensch.coach\/index.php\/wp-json\/wp\/v2\/posts"}],"about":[{"href":"https:\/\/www.talentmensch.coach\/index.php\/wp-json\/wp\/v2\/types\/post"}],"author":[{"embeddable":true,"href":"https:\/\/www.talentmensch.coach\/index.php\/wp-json\/wp\/v2\/users\/2"}],"replies":[{"embeddable":true,"href":"https:\/\/www.talentmensch.coach\/index.php\/wp-json\/wp\/v2\/comments?post=1904"}],"version-history":[{"count":0,"href":"https:\/\/www.talentmensch.coach\/index.php\/wp-json\/wp\/v2\/posts\/1904\/revisions"}],"wp:featuredmedia":[{"embeddable":true,"href":"https:\/\/www.talentmensch.coach\/index.php\/wp-json\/wp\/v2\/media\/1928"}],"wp:attachment":[{"href":"https:\/\/www.talentmensch.coach\/index.php\/wp-json\/wp\/v2\/media?parent=1904"}],"wp:term":[{"taxonomy":"category","embeddable":true,"href":"https:\/\/www.talentmensch.coach\/index.php\/wp-json\/wp\/v2\/categories?post=1904"},{"taxonomy":"post_tag","embeddable":true,"href":"https:\/\/www.talentmensch.coach\/index.php\/wp-json\/wp\/v2\/tags?post=1904"}],"curies":[{"name":"wp","href":"https:\/\/api.w.org\/{rel}","templated":true}]}}