{"id":2567,"date":"2024-02-24T11:01:18","date_gmt":"2024-02-24T10:01:18","guid":{"rendered":"https:\/\/www.talentmensch.coach\/?p=2567"},"modified":"2024-03-02T18:47:32","modified_gmt":"2024-03-02T17:47:32","slug":"ein-fluechtiger-moment-eine-lebensgeschichte-ein-blick-auf-ein-talent-mensch","status":"publish","type":"post","link":"https:\/\/www.talentmensch.coach\/index.php\/2024\/02\/24\/ein-fluechtiger-moment-eine-lebensgeschichte-ein-blick-auf-ein-talent-mensch\/","title":{"rendered":"Ein fl\u00fcchtiger Moment, eine Lebensgeschichte: Ein Blick auf ein \u201eTalent Mensch\u201c"},"content":{"rendered":"<div dir=\"ltr\"><\/div>\n<div>In einem kurzen Austausch beim B\u00e4cker und einer kleinen Geste beim Autoverpacken der Eink\u00e4ufe, offenbarte sich mir die Lebensgeschichte eines 92-j\u00e4hrigen Herrn, dessen fl\u00fcchtiger Moment mein Denken nachhaltig pr\u00e4gte. Durch Diabetes gezeichnet, erz\u00e4hlte er von seiner Zeit im Krieg als 16-j\u00e4hriger Junge an der ukrainischen Grenze und in Sibirien.<\/div>\n<div><\/div>\n<blockquote>\n<div><strong>Kriegswerkzeuge hat er pflegen m\u00fcssen und Kinder im Einsatz \u2013 eine Realit\u00e4t, die schwer begreiflich ist.<\/strong><\/div>\n<\/blockquote>\n<div dir=\"ltr\"><\/div>\n<div>Seine Worte \u00fcber junge M\u00e4nner, die nie zur\u00fcckkehrten, und die bittere K\u00e4lte, bei der manche bei -40 Grad erfroren, hallten nach. Die Erinnerung an das Leid, das er sah, lie\u00df ihn noch heute Adenauer die F\u00fc\u00dfe k\u00fcssen wollen \u2013 ein symbolischer Ausdruck der Dankbarkeit f\u00fcr die R\u00fcckkehr der Kinder nach Hause.<\/div>\n<div dir=\"ltr\"><\/div>\n<div>Doch inmitten dieses beeindruckenden Lebensr\u00fcckblicks stie\u00df ich auf eine Reflexion \u00fcber unsere heutige Welt:<\/div>\n<div><\/div>\n<blockquote>\n<div><strong>\u201cEs geht um Besitz und Machthaberei&#8220;, sagte er<\/strong><\/div>\n<\/blockquote>\n<div><\/div>\n<div>Zur\u00fcckgekehrt in meinen Alltag, reflektiere ich \u00fcber Misstrauen und Neid in unserer Gesellschaft und erkenne, dass es vielleicht tiefer verwurzelt ist, als ich dachte \u2013 eine Erbschaft der Kriegskinder.<\/div>\n<div dir=\"ltr\"><\/div>\n<div>Die jetzigen Kriege und die angespannte Lage in unserem Land werfen Fragen auf. Misstrauen gegen\u00fcber Fremden, Schwierigkeiten, ein L\u00e4cheln oder Kompliment anzunehmen \u2013 eine traurige Realit\u00e4t. Doch in diesem Moment der Nachdenklichkeit wird mir bewusst, dass es an uns liegt, diese Muster zu durchbrechen.<\/div>\n<div dir=\"ltr\"><\/div>\n<p>Als Kriegsenkel trage ich Erinnerungen meiner Eltern in mir. &#8222;Wer sich in Gefahr begibt, der kommt darin um&#8220; &#8211; ein \u00fcberholter Glaubenssatz, den ich vor langer Zeit habe losgelassen. Nach dem Gespr\u00e4ch mit dem \u00e4lteren Herrn hoffe ich, dass dieser Satz nie wieder relevant sein wird und dass Frieden Einzug h\u00e4lt \u2013 in unseren Herzen und auf der Welt.<\/p>\n<div id=\"ms-outlook-mobile-signature\">Gesendet von <a href=\"https:\/\/aka.ms\/o0ukef\" data-outlook-id=\"097911c6-71be-439c-a8a4-15bc5b0051e4\" data-linkindex=\"0\">Outlook f\u00fcr iOS<\/a><\/div>\n","protected":false},"excerpt":{"rendered":"<p>In einem kurzen Austausch beim B\u00e4cker und einer kleinen Geste beim Autoverpacken der Eink\u00e4ufe, offenbarte sich mir die Lebensgeschichte eines 92-j\u00e4hrigen Herrn, dessen fl\u00fcchtiger Moment mein Denken nachhaltig pr\u00e4gte. Durch Diabetes gezeichnet, erz\u00e4hlte er von seiner Zeit im Krieg als 16-j\u00e4hriger Junge an der ukrainischen Grenze und in Sibirien. Kriegswerkzeuge hat er pflegen m\u00fcssen und [&hellip;]<\/p>\n","protected":false},"author":2,"featured_media":2568,"comment_status":"closed","ping_status":"closed","sticky":false,"template":"","format":"standard","meta":{"footnotes":""},"categories":[1],"tags":[],"class_list":["post-2567","post","type-post","status-publish","format-standard","has-post-thumbnail","hentry","category-allgemein"],"yoast_head":"<!-- This site is optimized with the Yoast SEO plugin v27.3 - https:\/\/yoast.com\/product\/yoast-seo-wordpress\/ -->\n<title>Ein fl\u00fcchtiger Moment, eine Lebensgeschichte: Ein Blick auf ein \u201eTalent Mensch\u201c - Manuela Thie<\/title>\n<meta name=\"robots\" content=\"index, follow, max-snippet:-1, max-image-preview:large, max-video-preview:-1\" \/>\n<link rel=\"canonical\" href=\"https:\/\/www.talentmensch.coach\/index.php\/2024\/02\/24\/ein-fluechtiger-moment-eine-lebensgeschichte-ein-blick-auf-ein-talent-mensch\/\" \/>\n<meta property=\"og:locale\" content=\"de_DE\" \/>\n<meta property=\"og:type\" content=\"article\" \/>\n<meta property=\"og:title\" content=\"Ein fl\u00fcchtiger Moment, eine Lebensgeschichte: Ein Blick auf ein \u201eTalent Mensch\u201c - Manuela Thie\" \/>\n<meta property=\"og:description\" content=\"In einem kurzen Austausch beim B\u00e4cker und einer kleinen Geste beim Autoverpacken der Eink\u00e4ufe, offenbarte sich mir die Lebensgeschichte eines 92-j\u00e4hrigen Herrn, dessen fl\u00fcchtiger Moment mein Denken nachhaltig pr\u00e4gte. Durch Diabetes gezeichnet, erz\u00e4hlte er von seiner Zeit im Krieg als 16-j\u00e4hriger Junge an der ukrainischen Grenze und in Sibirien. Kriegswerkzeuge hat er pflegen m\u00fcssen und [&hellip;]\" \/>\n<meta property=\"og:url\" content=\"https:\/\/www.talentmensch.coach\/index.php\/2024\/02\/24\/ein-fluechtiger-moment-eine-lebensgeschichte-ein-blick-auf-ein-talent-mensch\/\" \/>\n<meta property=\"og:site_name\" content=\"Manuela Thie\" \/>\n<meta property=\"article:publisher\" content=\"https:\/\/www.facebook.com\/talentmensch.coach\" \/>\n<meta property=\"article:published_time\" content=\"2024-02-24T10:01:18+00:00\" \/>\n<meta property=\"article:modified_time\" content=\"2024-03-02T17:47:32+00:00\" \/>\n<meta property=\"og:image\" content=\"https:\/\/www.talentmensch.coach\/wp-content\/uploads\/2024\/01\/IMG_1748.png\" \/>\n\t<meta property=\"og:image:width\" content=\"1080\" \/>\n\t<meta property=\"og:image:height\" content=\"1080\" \/>\n\t<meta property=\"og:image:type\" content=\"image\/png\" \/>\n<meta name=\"author\" content=\"manuela thie\" \/>\n<meta name=\"twitter:card\" content=\"summary_large_image\" \/>\n<meta name=\"twitter:label1\" content=\"Verfasst von\" \/>\n\t<meta name=\"twitter:data1\" content=\"manuela thie\" \/>\n\t<meta name=\"twitter:label2\" content=\"Gesch\u00e4tzte Lesezeit\" \/>\n\t<meta name=\"twitter:data2\" content=\"2\u00a0Minuten\" \/>\n<script type=\"application\/ld+json\" class=\"yoast-schema-graph\">{\"@context\":\"https:\\\/\\\/schema.org\",\"@graph\":[{\"@type\":\"Article\",\"@id\":\"https:\\\/\\\/www.talentmensch.coach\\\/index.php\\\/2024\\\/02\\\/24\\\/ein-fluechtiger-moment-eine-lebensgeschichte-ein-blick-auf-ein-talent-mensch\\\/#article\",\"isPartOf\":{\"@id\":\"https:\\\/\\\/www.talentmensch.coach\\\/index.php\\\/2024\\\/02\\\/24\\\/ein-fluechtiger-moment-eine-lebensgeschichte-ein-blick-auf-ein-talent-mensch\\\/\"},\"author\":{\"name\":\"manuela thie\",\"@id\":\"https:\\\/\\\/www.talentmensch.coach\\\/#\\\/schema\\\/person\\\/26e1abfb338106b844248db288ebdbdd\"},\"headline\":\"Ein fl\u00fcchtiger Moment, eine Lebensgeschichte: Ein Blick auf ein \u201eTalent Mensch\u201c\",\"datePublished\":\"2024-02-24T10:01:18+00:00\",\"dateModified\":\"2024-03-02T17:47:32+00:00\",\"mainEntityOfPage\":{\"@id\":\"https:\\\/\\\/www.talentmensch.coach\\\/index.php\\\/2024\\\/02\\\/24\\\/ein-fluechtiger-moment-eine-lebensgeschichte-ein-blick-auf-ein-talent-mensch\\\/\"},\"wordCount\":306,\"publisher\":{\"@id\":\"https:\\\/\\\/www.talentmensch.coach\\\/#organization\"},\"image\":{\"@id\":\"https:\\\/\\\/www.talentmensch.coach\\\/index.php\\\/2024\\\/02\\\/24\\\/ein-fluechtiger-moment-eine-lebensgeschichte-ein-blick-auf-ein-talent-mensch\\\/#primaryimage\"},\"thumbnailUrl\":\"https:\\\/\\\/www.talentmensch.coach\\\/wp-content\\\/uploads\\\/2024\\\/01\\\/IMG_1748.png\",\"inLanguage\":\"de\"},{\"@type\":\"WebPage\",\"@id\":\"https:\\\/\\\/www.talentmensch.coach\\\/index.php\\\/2024\\\/02\\\/24\\\/ein-fluechtiger-moment-eine-lebensgeschichte-ein-blick-auf-ein-talent-mensch\\\/\",\"url\":\"https:\\\/\\\/www.talentmensch.coach\\\/index.php\\\/2024\\\/02\\\/24\\\/ein-fluechtiger-moment-eine-lebensgeschichte-ein-blick-auf-ein-talent-mensch\\\/\",\"name\":\"Ein fl\u00fcchtiger Moment, eine Lebensgeschichte: Ein Blick auf ein \u201eTalent Mensch\u201c - Manuela Thie\",\"isPartOf\":{\"@id\":\"https:\\\/\\\/www.talentmensch.coach\\\/#website\"},\"primaryImageOfPage\":{\"@id\":\"https:\\\/\\\/www.talentmensch.coach\\\/index.php\\\/2024\\\/02\\\/24\\\/ein-fluechtiger-moment-eine-lebensgeschichte-ein-blick-auf-ein-talent-mensch\\\/#primaryimage\"},\"image\":{\"@id\":\"https:\\\/\\\/www.talentmensch.coach\\\/index.php\\\/2024\\\/02\\\/24\\\/ein-fluechtiger-moment-eine-lebensgeschichte-ein-blick-auf-ein-talent-mensch\\\/#primaryimage\"},\"thumbnailUrl\":\"https:\\\/\\\/www.talentmensch.coach\\\/wp-content\\\/uploads\\\/2024\\\/01\\\/IMG_1748.png\",\"datePublished\":\"2024-02-24T10:01:18+00:00\",\"dateModified\":\"2024-03-02T17:47:32+00:00\",\"breadcrumb\":{\"@id\":\"https:\\\/\\\/www.talentmensch.coach\\\/index.php\\\/2024\\\/02\\\/24\\\/ein-fluechtiger-moment-eine-lebensgeschichte-ein-blick-auf-ein-talent-mensch\\\/#breadcrumb\"},\"inLanguage\":\"de\",\"potentialAction\":[{\"@type\":\"ReadAction\",\"target\":[\"https:\\\/\\\/www.talentmensch.coach\\\/index.php\\\/2024\\\/02\\\/24\\\/ein-fluechtiger-moment-eine-lebensgeschichte-ein-blick-auf-ein-talent-mensch\\\/\"]}]},{\"@type\":\"ImageObject\",\"inLanguage\":\"de\",\"@id\":\"https:\\\/\\\/www.talentmensch.coach\\\/index.php\\\/2024\\\/02\\\/24\\\/ein-fluechtiger-moment-eine-lebensgeschichte-ein-blick-auf-ein-talent-mensch\\\/#primaryimage\",\"url\":\"https:\\\/\\\/www.talentmensch.coach\\\/wp-content\\\/uploads\\\/2024\\\/01\\\/IMG_1748.png\",\"contentUrl\":\"https:\\\/\\\/www.talentmensch.coach\\\/wp-content\\\/uploads\\\/2024\\\/01\\\/IMG_1748.png\",\"width\":1080,\"height\":1080},{\"@type\":\"BreadcrumbList\",\"@id\":\"https:\\\/\\\/www.talentmensch.coach\\\/index.php\\\/2024\\\/02\\\/24\\\/ein-fluechtiger-moment-eine-lebensgeschichte-ein-blick-auf-ein-talent-mensch\\\/#breadcrumb\",\"itemListElement\":[{\"@type\":\"ListItem\",\"position\":1,\"name\":\"Startseite\",\"item\":\"https:\\\/\\\/www.talentmensch.coach\\\/\"},{\"@type\":\"ListItem\",\"position\":2,\"name\":\"Ein fl\u00fcchtiger Moment, eine Lebensgeschichte: Ein Blick auf ein \u201eTalent Mensch\u201c\"}]},{\"@type\":\"WebSite\",\"@id\":\"https:\\\/\\\/www.talentmensch.coach\\\/#website\",\"url\":\"https:\\\/\\\/www.talentmensch.coach\\\/\",\"name\":\"Talent Mensch Manuela Thie\",\"description\":\"Talent Mensch Coaching\",\"publisher\":{\"@id\":\"https:\\\/\\\/www.talentmensch.coach\\\/#organization\"},\"potentialAction\":[{\"@type\":\"SearchAction\",\"target\":{\"@type\":\"EntryPoint\",\"urlTemplate\":\"https:\\\/\\\/www.talentmensch.coach\\\/?s={search_term_string}\"},\"query-input\":{\"@type\":\"PropertyValueSpecification\",\"valueRequired\":true,\"valueName\":\"search_term_string\"}}],\"inLanguage\":\"de\"},{\"@type\":\"Organization\",\"@id\":\"https:\\\/\\\/www.talentmensch.coach\\\/#organization\",\"name\":\"Talent Mensch Manuela Thie\",\"url\":\"https:\\\/\\\/www.talentmensch.coach\\\/\",\"logo\":{\"@type\":\"ImageObject\",\"inLanguage\":\"de\",\"@id\":\"https:\\\/\\\/www.talentmensch.coach\\\/#\\\/schema\\\/logo\\\/image\\\/\",\"url\":\"https:\\\/\\\/www.talentmensch.coach\\\/wp-content\\\/uploads\\\/2021\\\/05\\\/logo_manuela_thie_talentmensch.png\",\"contentUrl\":\"https:\\\/\\\/www.talentmensch.coach\\\/wp-content\\\/uploads\\\/2021\\\/05\\\/logo_manuela_thie_talentmensch.png\",\"width\":890,\"height\":558,\"caption\":\"Talent Mensch Manuela Thie\"},\"image\":{\"@id\":\"https:\\\/\\\/www.talentmensch.coach\\\/#\\\/schema\\\/logo\\\/image\\\/\"},\"sameAs\":[\"https:\\\/\\\/www.facebook.com\\\/talentmensch.coach\",\"https:\\\/\\\/www.instagram.com\\\/talentmensch\\\/\"]},{\"@type\":\"Person\",\"@id\":\"https:\\\/\\\/www.talentmensch.coach\\\/#\\\/schema\\\/person\\\/26e1abfb338106b844248db288ebdbdd\",\"name\":\"manuela thie\",\"sameAs\":[\"http:\\\/\\\/talentmensch.coach\"],\"url\":\"https:\\\/\\\/www.talentmensch.coach\\\/index.php\\\/author\\\/manuela\\\/\"}]}<\/script>\n<!-- \/ Yoast SEO plugin. -->","yoast_head_json":{"title":"Ein fl\u00fcchtiger Moment, eine Lebensgeschichte: Ein Blick auf ein \u201eTalent Mensch\u201c - Manuela Thie","robots":{"index":"index","follow":"follow","max-snippet":"max-snippet:-1","max-image-preview":"max-image-preview:large","max-video-preview":"max-video-preview:-1"},"canonical":"https:\/\/www.talentmensch.coach\/index.php\/2024\/02\/24\/ein-fluechtiger-moment-eine-lebensgeschichte-ein-blick-auf-ein-talent-mensch\/","og_locale":"de_DE","og_type":"article","og_title":"Ein fl\u00fcchtiger Moment, eine Lebensgeschichte: Ein Blick auf ein \u201eTalent Mensch\u201c - Manuela Thie","og_description":"In einem kurzen Austausch beim B\u00e4cker und einer kleinen Geste beim Autoverpacken der Eink\u00e4ufe, offenbarte sich mir die Lebensgeschichte eines 92-j\u00e4hrigen Herrn, dessen fl\u00fcchtiger Moment mein Denken nachhaltig pr\u00e4gte. Durch Diabetes gezeichnet, erz\u00e4hlte er von seiner Zeit im Krieg als 16-j\u00e4hriger Junge an der ukrainischen Grenze und in Sibirien. Kriegswerkzeuge hat er pflegen m\u00fcssen und [&hellip;]","og_url":"https:\/\/www.talentmensch.coach\/index.php\/2024\/02\/24\/ein-fluechtiger-moment-eine-lebensgeschichte-ein-blick-auf-ein-talent-mensch\/","og_site_name":"Manuela Thie","article_publisher":"https:\/\/www.facebook.com\/talentmensch.coach","article_published_time":"2024-02-24T10:01:18+00:00","article_modified_time":"2024-03-02T17:47:32+00:00","og_image":[{"width":1080,"height":1080,"url":"https:\/\/www.talentmensch.coach\/wp-content\/uploads\/2024\/01\/IMG_1748.png","type":"image\/png"}],"author":"manuela thie","twitter_card":"summary_large_image","twitter_misc":{"Verfasst von":"manuela thie","Gesch\u00e4tzte Lesezeit":"2\u00a0Minuten"},"schema":{"@context":"https:\/\/schema.org","@graph":[{"@type":"Article","@id":"https:\/\/www.talentmensch.coach\/index.php\/2024\/02\/24\/ein-fluechtiger-moment-eine-lebensgeschichte-ein-blick-auf-ein-talent-mensch\/#article","isPartOf":{"@id":"https:\/\/www.talentmensch.coach\/index.php\/2024\/02\/24\/ein-fluechtiger-moment-eine-lebensgeschichte-ein-blick-auf-ein-talent-mensch\/"},"author":{"name":"manuela thie","@id":"https:\/\/www.talentmensch.coach\/#\/schema\/person\/26e1abfb338106b844248db288ebdbdd"},"headline":"Ein fl\u00fcchtiger Moment, eine Lebensgeschichte: Ein Blick auf ein \u201eTalent Mensch\u201c","datePublished":"2024-02-24T10:01:18+00:00","dateModified":"2024-03-02T17:47:32+00:00","mainEntityOfPage":{"@id":"https:\/\/www.talentmensch.coach\/index.php\/2024\/02\/24\/ein-fluechtiger-moment-eine-lebensgeschichte-ein-blick-auf-ein-talent-mensch\/"},"wordCount":306,"publisher":{"@id":"https:\/\/www.talentmensch.coach\/#organization"},"image":{"@id":"https:\/\/www.talentmensch.coach\/index.php\/2024\/02\/24\/ein-fluechtiger-moment-eine-lebensgeschichte-ein-blick-auf-ein-talent-mensch\/#primaryimage"},"thumbnailUrl":"https:\/\/www.talentmensch.coach\/wp-content\/uploads\/2024\/01\/IMG_1748.png","inLanguage":"de"},{"@type":"WebPage","@id":"https:\/\/www.talentmensch.coach\/index.php\/2024\/02\/24\/ein-fluechtiger-moment-eine-lebensgeschichte-ein-blick-auf-ein-talent-mensch\/","url":"https:\/\/www.talentmensch.coach\/index.php\/2024\/02\/24\/ein-fluechtiger-moment-eine-lebensgeschichte-ein-blick-auf-ein-talent-mensch\/","name":"Ein fl\u00fcchtiger Moment, eine Lebensgeschichte: Ein Blick auf ein \u201eTalent Mensch\u201c - Manuela Thie","isPartOf":{"@id":"https:\/\/www.talentmensch.coach\/#website"},"primaryImageOfPage":{"@id":"https:\/\/www.talentmensch.coach\/index.php\/2024\/02\/24\/ein-fluechtiger-moment-eine-lebensgeschichte-ein-blick-auf-ein-talent-mensch\/#primaryimage"},"image":{"@id":"https:\/\/www.talentmensch.coach\/index.php\/2024\/02\/24\/ein-fluechtiger-moment-eine-lebensgeschichte-ein-blick-auf-ein-talent-mensch\/#primaryimage"},"thumbnailUrl":"https:\/\/www.talentmensch.coach\/wp-content\/uploads\/2024\/01\/IMG_1748.png","datePublished":"2024-02-24T10:01:18+00:00","dateModified":"2024-03-02T17:47:32+00:00","breadcrumb":{"@id":"https:\/\/www.talentmensch.coach\/index.php\/2024\/02\/24\/ein-fluechtiger-moment-eine-lebensgeschichte-ein-blick-auf-ein-talent-mensch\/#breadcrumb"},"inLanguage":"de","potentialAction":[{"@type":"ReadAction","target":["https:\/\/www.talentmensch.coach\/index.php\/2024\/02\/24\/ein-fluechtiger-moment-eine-lebensgeschichte-ein-blick-auf-ein-talent-mensch\/"]}]},{"@type":"ImageObject","inLanguage":"de","@id":"https:\/\/www.talentmensch.coach\/index.php\/2024\/02\/24\/ein-fluechtiger-moment-eine-lebensgeschichte-ein-blick-auf-ein-talent-mensch\/#primaryimage","url":"https:\/\/www.talentmensch.coach\/wp-content\/uploads\/2024\/01\/IMG_1748.png","contentUrl":"https:\/\/www.talentmensch.coach\/wp-content\/uploads\/2024\/01\/IMG_1748.png","width":1080,"height":1080},{"@type":"BreadcrumbList","@id":"https:\/\/www.talentmensch.coach\/index.php\/2024\/02\/24\/ein-fluechtiger-moment-eine-lebensgeschichte-ein-blick-auf-ein-talent-mensch\/#breadcrumb","itemListElement":[{"@type":"ListItem","position":1,"name":"Startseite","item":"https:\/\/www.talentmensch.coach\/"},{"@type":"ListItem","position":2,"name":"Ein fl\u00fcchtiger Moment, eine Lebensgeschichte: Ein Blick auf ein \u201eTalent Mensch\u201c"}]},{"@type":"WebSite","@id":"https:\/\/www.talentmensch.coach\/#website","url":"https:\/\/www.talentmensch.coach\/","name":"Talent Mensch Manuela Thie","description":"Talent Mensch Coaching","publisher":{"@id":"https:\/\/www.talentmensch.coach\/#organization"},"potentialAction":[{"@type":"SearchAction","target":{"@type":"EntryPoint","urlTemplate":"https:\/\/www.talentmensch.coach\/?s={search_term_string}"},"query-input":{"@type":"PropertyValueSpecification","valueRequired":true,"valueName":"search_term_string"}}],"inLanguage":"de"},{"@type":"Organization","@id":"https:\/\/www.talentmensch.coach\/#organization","name":"Talent Mensch Manuela Thie","url":"https:\/\/www.talentmensch.coach\/","logo":{"@type":"ImageObject","inLanguage":"de","@id":"https:\/\/www.talentmensch.coach\/#\/schema\/logo\/image\/","url":"https:\/\/www.talentmensch.coach\/wp-content\/uploads\/2021\/05\/logo_manuela_thie_talentmensch.png","contentUrl":"https:\/\/www.talentmensch.coach\/wp-content\/uploads\/2021\/05\/logo_manuela_thie_talentmensch.png","width":890,"height":558,"caption":"Talent Mensch Manuela Thie"},"image":{"@id":"https:\/\/www.talentmensch.coach\/#\/schema\/logo\/image\/"},"sameAs":["https:\/\/www.facebook.com\/talentmensch.coach","https:\/\/www.instagram.com\/talentmensch\/"]},{"@type":"Person","@id":"https:\/\/www.talentmensch.coach\/#\/schema\/person\/26e1abfb338106b844248db288ebdbdd","name":"manuela thie","sameAs":["http:\/\/talentmensch.coach"],"url":"https:\/\/www.talentmensch.coach\/index.php\/author\/manuela\/"}]}},"_links":{"self":[{"href":"https:\/\/www.talentmensch.coach\/index.php\/wp-json\/wp\/v2\/posts\/2567","targetHints":{"allow":["GET"]}}],"collection":[{"href":"https:\/\/www.talentmensch.coach\/index.php\/wp-json\/wp\/v2\/posts"}],"about":[{"href":"https:\/\/www.talentmensch.coach\/index.php\/wp-json\/wp\/v2\/types\/post"}],"author":[{"embeddable":true,"href":"https:\/\/www.talentmensch.coach\/index.php\/wp-json\/wp\/v2\/users\/2"}],"replies":[{"embeddable":true,"href":"https:\/\/www.talentmensch.coach\/index.php\/wp-json\/wp\/v2\/comments?post=2567"}],"version-history":[{"count":4,"href":"https:\/\/www.talentmensch.coach\/index.php\/wp-json\/wp\/v2\/posts\/2567\/revisions"}],"predecessor-version":[{"id":2572,"href":"https:\/\/www.talentmensch.coach\/index.php\/wp-json\/wp\/v2\/posts\/2567\/revisions\/2572"}],"wp:featuredmedia":[{"embeddable":true,"href":"https:\/\/www.talentmensch.coach\/index.php\/wp-json\/wp\/v2\/media\/2568"}],"wp:attachment":[{"href":"https:\/\/www.talentmensch.coach\/index.php\/wp-json\/wp\/v2\/media?parent=2567"}],"wp:term":[{"taxonomy":"category","embeddable":true,"href":"https:\/\/www.talentmensch.coach\/index.php\/wp-json\/wp\/v2\/categories?post=2567"},{"taxonomy":"post_tag","embeddable":true,"href":"https:\/\/www.talentmensch.coach\/index.php\/wp-json\/wp\/v2\/tags?post=2567"}],"curies":[{"name":"wp","href":"https:\/\/api.w.org\/{rel}","templated":true}]}}