{"id":2656,"date":"2024-02-24T11:11:44","date_gmt":"2024-02-24T10:11:44","guid":{"rendered":"https:\/\/www.talentmensch.coach\/?p=2656"},"modified":"2024-03-04T16:53:53","modified_gmt":"2024-03-04T15:53:53","slug":"staune-ueber-die-faszinierende-welt-von-theresa-von-den-driesch","status":"publish","type":"post","link":"https:\/\/www.talentmensch.coach\/index.php\/2024\/02\/24\/staune-ueber-die-faszinierende-welt-von-theresa-von-den-driesch\/","title":{"rendered":"Staune \u00fcber die faszinierende Welt von Theresa von den Driesch"},"content":{"rendered":"<p>In den sanften Wogen der Zeit, zwischen den Seiten des Lebens, liegt eine fesselnde Geschichte verborgen \u2013 die Geschichte von Theresa von den Driesch. Heute m\u00f6chte ich euch auf eine bewegende Reise von Kurzgeschichten mit Theresa mitnehmen, einer Frau, deren Lebensweg uns inspirieren kann.<\/p>\n<blockquote><p><strong>Treten Sie ein<\/strong><\/p><\/blockquote>\n<p>Es ist ein zauberhafter Morgen im Herzen von Rheindahlen, als die T\u00fcr zu Theresas gem\u00fctlicher Buchhandlung sich \u00f6ffnet und ein warmes Licht die Seite des Tages erhellt. Hier, inmitten von B\u00fcchern und Tr\u00e4umen, l\u00e4dt Theresa nicht nur zum Lesen ein, sondern auch zum Nachdenken und Austausch \u2013 bei einer Tasse duftenden Kaffees oder Tees. Seit Februar 2022 lenkt sie die Geschicke dieser Buchhandlung mit einer Hingabe, die jeden Besucher willkommen hei\u00dft und ihm das Gef\u00fchl gibt, nach Hause zu kommen.<\/p>\n<blockquote><p><strong>Stille<\/strong><\/p><\/blockquote>\n<p>In der Stille dieser Buchhandlung, die so viel mehr ist als nur ein Ort des B\u00fccherkaufs, sp\u00fcrt man die gleiche Atmosph\u00e4re, wie aus Theresas Lieblingsbuch von Robert Seethaler \u00a0&#8222;Das Caf\u00e9 ohne Namen&#8220;. Wie das Caf\u00e9 ohne Namen ein Ort der Begegnung und der Geschichten ist, so ist auch Theresas Buchhandlung ein Ort, an dem sich Menschen treffen, Ideen austauschen und in neue Welten eintauchen.<\/p>\n<blockquote><p><strong>Wurzeln<\/strong><\/p><\/blockquote>\n<p>Die Geschichte von Theresa ist eine, die tief in den Wurzeln der Zeit verankert ist. Geboren im fernen Indien und doch so fest verwurzelt in ihrer geliebten Heimat Rheindahlen, hat sie jeden Schritt ihres Lebens mit Entschlossenheit und Mut begleitet. Ihre berufliche Laufbahn zeugt von Flei\u00df und Zielstrebigkeit \u2013 von der Ausbildung zur zahnmedizinischen Fachangestellten bis hin zur \u00dcbernahme der Buchhandlung, die einst die Thaler&#8217;sche Buchhandlung war.<\/p>\n<blockquote><p><strong>Mensch<\/strong><\/p><\/blockquote>\n<p>Doch Theresa ist weit mehr als nur eine erfolgreiche Gesch\u00e4ftsfrau. Als engagiertes Mitglied in verschiedenen Vereinen setzt sie sich mit Leidenschaft f\u00fcr ihre Heimat und ihre Mitmenschen ein, ohne dabei jemals sich selbst aus den Augen zu verlieren. Als liebevolle Mutter und Partnerin bildet sie mit ihrer Familie ein harmonisches Gef\u00fcge, in dem jeder sein eigenes Kapitel schreibt, w\u00e4hrend sie gemeinsam an einem Buch namens Leben arbeiten.<\/p>\n<blockquote><p><strong>Inspiration<\/strong><\/p><\/blockquote>\n<p>Theresa von den Driesch ist nicht nur eine Frau \u2013 sie ist ein Mensch und ein Vorbild. Ich finde Ihre Pr\u00e4senz und Ihr Einsatz f\u00fcr Ihre Familie, Ihre Mitarbeiterin, Ihre Buchhandlung, Ihren Heimatort als Geschenk. M\u00f6ge ihre inspirierende Reise dazu ermutigen, unseren eigenen Weg zu gehen und unsere Tr\u00e4ume zu verwirklichen.<\/p>\n","protected":false},"excerpt":{"rendered":"<p>In den sanften Wogen der Zeit, zwischen den Seiten des Lebens, liegt eine fesselnde Geschichte verborgen \u2013 die Geschichte von Theresa von den Driesch. Heute m\u00f6chte ich euch auf eine bewegende Reise von Kurzgeschichten mit Theresa mitnehmen, einer Frau, deren Lebensweg uns inspirieren kann. Treten Sie ein Es ist ein zauberhafter Morgen im Herzen von [&hellip;]<\/p>\n","protected":false},"author":2,"featured_media":2657,"comment_status":"closed","ping_status":"closed","sticky":false,"template":"","format":"standard","meta":{"footnotes":""},"categories":[1],"tags":[],"class_list":["post-2656","post","type-post","status-publish","format-standard","has-post-thumbnail","hentry","category-allgemein"],"yoast_head":"<!-- This site is optimized with the Yoast SEO plugin v27.3 - https:\/\/yoast.com\/product\/yoast-seo-wordpress\/ -->\n<title>Staune \u00fcber die faszinierende Welt von Theresa von den Driesch - Manuela Thie<\/title>\n<meta name=\"robots\" content=\"index, follow, max-snippet:-1, max-image-preview:large, max-video-preview:-1\" \/>\n<link rel=\"canonical\" href=\"https:\/\/www.talentmensch.coach\/index.php\/2024\/02\/24\/staune-ueber-die-faszinierende-welt-von-theresa-von-den-driesch\/\" \/>\n<meta property=\"og:locale\" content=\"de_DE\" \/>\n<meta property=\"og:type\" content=\"article\" \/>\n<meta property=\"og:title\" content=\"Staune \u00fcber die faszinierende Welt von Theresa von den Driesch - Manuela Thie\" \/>\n<meta property=\"og:description\" content=\"In den sanften Wogen der Zeit, zwischen den Seiten des Lebens, liegt eine fesselnde Geschichte verborgen \u2013 die Geschichte von Theresa von den Driesch. Heute m\u00f6chte ich euch auf eine bewegende Reise von Kurzgeschichten mit Theresa mitnehmen, einer Frau, deren Lebensweg uns inspirieren kann. Treten Sie ein Es ist ein zauberhafter Morgen im Herzen von [&hellip;]\" \/>\n<meta property=\"og:url\" content=\"https:\/\/www.talentmensch.coach\/index.php\/2024\/02\/24\/staune-ueber-die-faszinierende-welt-von-theresa-von-den-driesch\/\" \/>\n<meta property=\"og:site_name\" content=\"Manuela Thie\" \/>\n<meta property=\"article:publisher\" content=\"https:\/\/www.facebook.com\/talentmensch.coach\" \/>\n<meta property=\"article:published_time\" content=\"2024-02-24T10:11:44+00:00\" \/>\n<meta property=\"article:modified_time\" content=\"2024-03-04T15:53:53+00:00\" \/>\n<meta property=\"og:image\" content=\"https:\/\/www.talentmensch.coach\/wp-content\/uploads\/2024\/03\/IMG_2236.png\" \/>\n\t<meta property=\"og:image:width\" content=\"1080\" \/>\n\t<meta property=\"og:image:height\" content=\"1080\" \/>\n\t<meta property=\"og:image:type\" content=\"image\/png\" \/>\n<meta name=\"author\" content=\"manuela thie\" \/>\n<meta name=\"twitter:card\" content=\"summary_large_image\" \/>\n<meta name=\"twitter:label1\" content=\"Verfasst von\" \/>\n\t<meta name=\"twitter:data1\" content=\"manuela thie\" \/>\n\t<meta name=\"twitter:label2\" content=\"Gesch\u00e4tzte Lesezeit\" \/>\n\t<meta name=\"twitter:data2\" content=\"3\u00a0Minuten\" \/>\n<script type=\"application\/ld+json\" class=\"yoast-schema-graph\">{\"@context\":\"https:\\\/\\\/schema.org\",\"@graph\":[{\"@type\":\"Article\",\"@id\":\"https:\\\/\\\/www.talentmensch.coach\\\/index.php\\\/2024\\\/02\\\/24\\\/staune-ueber-die-faszinierende-welt-von-theresa-von-den-driesch\\\/#article\",\"isPartOf\":{\"@id\":\"https:\\\/\\\/www.talentmensch.coach\\\/index.php\\\/2024\\\/02\\\/24\\\/staune-ueber-die-faszinierende-welt-von-theresa-von-den-driesch\\\/\"},\"author\":{\"name\":\"manuela thie\",\"@id\":\"https:\\\/\\\/www.talentmensch.coach\\\/#\\\/schema\\\/person\\\/26e1abfb338106b844248db288ebdbdd\"},\"headline\":\"Staune \u00fcber die faszinierende Welt von Theresa von den Driesch\",\"datePublished\":\"2024-02-24T10:11:44+00:00\",\"dateModified\":\"2024-03-04T15:53:53+00:00\",\"mainEntityOfPage\":{\"@id\":\"https:\\\/\\\/www.talentmensch.coach\\\/index.php\\\/2024\\\/02\\\/24\\\/staune-ueber-die-faszinierende-welt-von-theresa-von-den-driesch\\\/\"},\"wordCount\":404,\"publisher\":{\"@id\":\"https:\\\/\\\/www.talentmensch.coach\\\/#organization\"},\"image\":{\"@id\":\"https:\\\/\\\/www.talentmensch.coach\\\/index.php\\\/2024\\\/02\\\/24\\\/staune-ueber-die-faszinierende-welt-von-theresa-von-den-driesch\\\/#primaryimage\"},\"thumbnailUrl\":\"https:\\\/\\\/www.talentmensch.coach\\\/wp-content\\\/uploads\\\/2024\\\/03\\\/IMG_2236.png\",\"inLanguage\":\"de\"},{\"@type\":\"WebPage\",\"@id\":\"https:\\\/\\\/www.talentmensch.coach\\\/index.php\\\/2024\\\/02\\\/24\\\/staune-ueber-die-faszinierende-welt-von-theresa-von-den-driesch\\\/\",\"url\":\"https:\\\/\\\/www.talentmensch.coach\\\/index.php\\\/2024\\\/02\\\/24\\\/staune-ueber-die-faszinierende-welt-von-theresa-von-den-driesch\\\/\",\"name\":\"Staune \u00fcber die faszinierende Welt von Theresa von den Driesch - Manuela Thie\",\"isPartOf\":{\"@id\":\"https:\\\/\\\/www.talentmensch.coach\\\/#website\"},\"primaryImageOfPage\":{\"@id\":\"https:\\\/\\\/www.talentmensch.coach\\\/index.php\\\/2024\\\/02\\\/24\\\/staune-ueber-die-faszinierende-welt-von-theresa-von-den-driesch\\\/#primaryimage\"},\"image\":{\"@id\":\"https:\\\/\\\/www.talentmensch.coach\\\/index.php\\\/2024\\\/02\\\/24\\\/staune-ueber-die-faszinierende-welt-von-theresa-von-den-driesch\\\/#primaryimage\"},\"thumbnailUrl\":\"https:\\\/\\\/www.talentmensch.coach\\\/wp-content\\\/uploads\\\/2024\\\/03\\\/IMG_2236.png\",\"datePublished\":\"2024-02-24T10:11:44+00:00\",\"dateModified\":\"2024-03-04T15:53:53+00:00\",\"breadcrumb\":{\"@id\":\"https:\\\/\\\/www.talentmensch.coach\\\/index.php\\\/2024\\\/02\\\/24\\\/staune-ueber-die-faszinierende-welt-von-theresa-von-den-driesch\\\/#breadcrumb\"},\"inLanguage\":\"de\",\"potentialAction\":[{\"@type\":\"ReadAction\",\"target\":[\"https:\\\/\\\/www.talentmensch.coach\\\/index.php\\\/2024\\\/02\\\/24\\\/staune-ueber-die-faszinierende-welt-von-theresa-von-den-driesch\\\/\"]}]},{\"@type\":\"ImageObject\",\"inLanguage\":\"de\",\"@id\":\"https:\\\/\\\/www.talentmensch.coach\\\/index.php\\\/2024\\\/02\\\/24\\\/staune-ueber-die-faszinierende-welt-von-theresa-von-den-driesch\\\/#primaryimage\",\"url\":\"https:\\\/\\\/www.talentmensch.coach\\\/wp-content\\\/uploads\\\/2024\\\/03\\\/IMG_2236.png\",\"contentUrl\":\"https:\\\/\\\/www.talentmensch.coach\\\/wp-content\\\/uploads\\\/2024\\\/03\\\/IMG_2236.png\",\"width\":1080,\"height\":1080},{\"@type\":\"BreadcrumbList\",\"@id\":\"https:\\\/\\\/www.talentmensch.coach\\\/index.php\\\/2024\\\/02\\\/24\\\/staune-ueber-die-faszinierende-welt-von-theresa-von-den-driesch\\\/#breadcrumb\",\"itemListElement\":[{\"@type\":\"ListItem\",\"position\":1,\"name\":\"Startseite\",\"item\":\"https:\\\/\\\/www.talentmensch.coach\\\/\"},{\"@type\":\"ListItem\",\"position\":2,\"name\":\"Staune \u00fcber die faszinierende Welt von Theresa von den Driesch\"}]},{\"@type\":\"WebSite\",\"@id\":\"https:\\\/\\\/www.talentmensch.coach\\\/#website\",\"url\":\"https:\\\/\\\/www.talentmensch.coach\\\/\",\"name\":\"Talent Mensch Manuela Thie\",\"description\":\"Talent Mensch Coaching\",\"publisher\":{\"@id\":\"https:\\\/\\\/www.talentmensch.coach\\\/#organization\"},\"potentialAction\":[{\"@type\":\"SearchAction\",\"target\":{\"@type\":\"EntryPoint\",\"urlTemplate\":\"https:\\\/\\\/www.talentmensch.coach\\\/?s={search_term_string}\"},\"query-input\":{\"@type\":\"PropertyValueSpecification\",\"valueRequired\":true,\"valueName\":\"search_term_string\"}}],\"inLanguage\":\"de\"},{\"@type\":\"Organization\",\"@id\":\"https:\\\/\\\/www.talentmensch.coach\\\/#organization\",\"name\":\"Talent Mensch Manuela Thie\",\"url\":\"https:\\\/\\\/www.talentmensch.coach\\\/\",\"logo\":{\"@type\":\"ImageObject\",\"inLanguage\":\"de\",\"@id\":\"https:\\\/\\\/www.talentmensch.coach\\\/#\\\/schema\\\/logo\\\/image\\\/\",\"url\":\"https:\\\/\\\/www.talentmensch.coach\\\/wp-content\\\/uploads\\\/2021\\\/05\\\/logo_manuela_thie_talentmensch.png\",\"contentUrl\":\"https:\\\/\\\/www.talentmensch.coach\\\/wp-content\\\/uploads\\\/2021\\\/05\\\/logo_manuela_thie_talentmensch.png\",\"width\":890,\"height\":558,\"caption\":\"Talent Mensch Manuela Thie\"},\"image\":{\"@id\":\"https:\\\/\\\/www.talentmensch.coach\\\/#\\\/schema\\\/logo\\\/image\\\/\"},\"sameAs\":[\"https:\\\/\\\/www.facebook.com\\\/talentmensch.coach\",\"https:\\\/\\\/www.instagram.com\\\/talentmensch\\\/\"]},{\"@type\":\"Person\",\"@id\":\"https:\\\/\\\/www.talentmensch.coach\\\/#\\\/schema\\\/person\\\/26e1abfb338106b844248db288ebdbdd\",\"name\":\"manuela thie\",\"sameAs\":[\"http:\\\/\\\/talentmensch.coach\"],\"url\":\"https:\\\/\\\/www.talentmensch.coach\\\/index.php\\\/author\\\/manuela\\\/\"}]}<\/script>\n<!-- \/ Yoast SEO plugin. -->","yoast_head_json":{"title":"Staune \u00fcber die faszinierende Welt von Theresa von den Driesch - Manuela Thie","robots":{"index":"index","follow":"follow","max-snippet":"max-snippet:-1","max-image-preview":"max-image-preview:large","max-video-preview":"max-video-preview:-1"},"canonical":"https:\/\/www.talentmensch.coach\/index.php\/2024\/02\/24\/staune-ueber-die-faszinierende-welt-von-theresa-von-den-driesch\/","og_locale":"de_DE","og_type":"article","og_title":"Staune \u00fcber die faszinierende Welt von Theresa von den Driesch - Manuela Thie","og_description":"In den sanften Wogen der Zeit, zwischen den Seiten des Lebens, liegt eine fesselnde Geschichte verborgen \u2013 die Geschichte von Theresa von den Driesch. Heute m\u00f6chte ich euch auf eine bewegende Reise von Kurzgeschichten mit Theresa mitnehmen, einer Frau, deren Lebensweg uns inspirieren kann. Treten Sie ein Es ist ein zauberhafter Morgen im Herzen von [&hellip;]","og_url":"https:\/\/www.talentmensch.coach\/index.php\/2024\/02\/24\/staune-ueber-die-faszinierende-welt-von-theresa-von-den-driesch\/","og_site_name":"Manuela Thie","article_publisher":"https:\/\/www.facebook.com\/talentmensch.coach","article_published_time":"2024-02-24T10:11:44+00:00","article_modified_time":"2024-03-04T15:53:53+00:00","og_image":[{"width":1080,"height":1080,"url":"https:\/\/www.talentmensch.coach\/wp-content\/uploads\/2024\/03\/IMG_2236.png","type":"image\/png"}],"author":"manuela thie","twitter_card":"summary_large_image","twitter_misc":{"Verfasst von":"manuela thie","Gesch\u00e4tzte Lesezeit":"3\u00a0Minuten"},"schema":{"@context":"https:\/\/schema.org","@graph":[{"@type":"Article","@id":"https:\/\/www.talentmensch.coach\/index.php\/2024\/02\/24\/staune-ueber-die-faszinierende-welt-von-theresa-von-den-driesch\/#article","isPartOf":{"@id":"https:\/\/www.talentmensch.coach\/index.php\/2024\/02\/24\/staune-ueber-die-faszinierende-welt-von-theresa-von-den-driesch\/"},"author":{"name":"manuela thie","@id":"https:\/\/www.talentmensch.coach\/#\/schema\/person\/26e1abfb338106b844248db288ebdbdd"},"headline":"Staune \u00fcber die faszinierende Welt von Theresa von den Driesch","datePublished":"2024-02-24T10:11:44+00:00","dateModified":"2024-03-04T15:53:53+00:00","mainEntityOfPage":{"@id":"https:\/\/www.talentmensch.coach\/index.php\/2024\/02\/24\/staune-ueber-die-faszinierende-welt-von-theresa-von-den-driesch\/"},"wordCount":404,"publisher":{"@id":"https:\/\/www.talentmensch.coach\/#organization"},"image":{"@id":"https:\/\/www.talentmensch.coach\/index.php\/2024\/02\/24\/staune-ueber-die-faszinierende-welt-von-theresa-von-den-driesch\/#primaryimage"},"thumbnailUrl":"https:\/\/www.talentmensch.coach\/wp-content\/uploads\/2024\/03\/IMG_2236.png","inLanguage":"de"},{"@type":"WebPage","@id":"https:\/\/www.talentmensch.coach\/index.php\/2024\/02\/24\/staune-ueber-die-faszinierende-welt-von-theresa-von-den-driesch\/","url":"https:\/\/www.talentmensch.coach\/index.php\/2024\/02\/24\/staune-ueber-die-faszinierende-welt-von-theresa-von-den-driesch\/","name":"Staune \u00fcber die faszinierende Welt von Theresa von den Driesch - Manuela Thie","isPartOf":{"@id":"https:\/\/www.talentmensch.coach\/#website"},"primaryImageOfPage":{"@id":"https:\/\/www.talentmensch.coach\/index.php\/2024\/02\/24\/staune-ueber-die-faszinierende-welt-von-theresa-von-den-driesch\/#primaryimage"},"image":{"@id":"https:\/\/www.talentmensch.coach\/index.php\/2024\/02\/24\/staune-ueber-die-faszinierende-welt-von-theresa-von-den-driesch\/#primaryimage"},"thumbnailUrl":"https:\/\/www.talentmensch.coach\/wp-content\/uploads\/2024\/03\/IMG_2236.png","datePublished":"2024-02-24T10:11:44+00:00","dateModified":"2024-03-04T15:53:53+00:00","breadcrumb":{"@id":"https:\/\/www.talentmensch.coach\/index.php\/2024\/02\/24\/staune-ueber-die-faszinierende-welt-von-theresa-von-den-driesch\/#breadcrumb"},"inLanguage":"de","potentialAction":[{"@type":"ReadAction","target":["https:\/\/www.talentmensch.coach\/index.php\/2024\/02\/24\/staune-ueber-die-faszinierende-welt-von-theresa-von-den-driesch\/"]}]},{"@type":"ImageObject","inLanguage":"de","@id":"https:\/\/www.talentmensch.coach\/index.php\/2024\/02\/24\/staune-ueber-die-faszinierende-welt-von-theresa-von-den-driesch\/#primaryimage","url":"https:\/\/www.talentmensch.coach\/wp-content\/uploads\/2024\/03\/IMG_2236.png","contentUrl":"https:\/\/www.talentmensch.coach\/wp-content\/uploads\/2024\/03\/IMG_2236.png","width":1080,"height":1080},{"@type":"BreadcrumbList","@id":"https:\/\/www.talentmensch.coach\/index.php\/2024\/02\/24\/staune-ueber-die-faszinierende-welt-von-theresa-von-den-driesch\/#breadcrumb","itemListElement":[{"@type":"ListItem","position":1,"name":"Startseite","item":"https:\/\/www.talentmensch.coach\/"},{"@type":"ListItem","position":2,"name":"Staune \u00fcber die faszinierende Welt von Theresa von den Driesch"}]},{"@type":"WebSite","@id":"https:\/\/www.talentmensch.coach\/#website","url":"https:\/\/www.talentmensch.coach\/","name":"Talent Mensch Manuela Thie","description":"Talent Mensch Coaching","publisher":{"@id":"https:\/\/www.talentmensch.coach\/#organization"},"potentialAction":[{"@type":"SearchAction","target":{"@type":"EntryPoint","urlTemplate":"https:\/\/www.talentmensch.coach\/?s={search_term_string}"},"query-input":{"@type":"PropertyValueSpecification","valueRequired":true,"valueName":"search_term_string"}}],"inLanguage":"de"},{"@type":"Organization","@id":"https:\/\/www.talentmensch.coach\/#organization","name":"Talent Mensch Manuela Thie","url":"https:\/\/www.talentmensch.coach\/","logo":{"@type":"ImageObject","inLanguage":"de","@id":"https:\/\/www.talentmensch.coach\/#\/schema\/logo\/image\/","url":"https:\/\/www.talentmensch.coach\/wp-content\/uploads\/2021\/05\/logo_manuela_thie_talentmensch.png","contentUrl":"https:\/\/www.talentmensch.coach\/wp-content\/uploads\/2021\/05\/logo_manuela_thie_talentmensch.png","width":890,"height":558,"caption":"Talent Mensch Manuela Thie"},"image":{"@id":"https:\/\/www.talentmensch.coach\/#\/schema\/logo\/image\/"},"sameAs":["https:\/\/www.facebook.com\/talentmensch.coach","https:\/\/www.instagram.com\/talentmensch\/"]},{"@type":"Person","@id":"https:\/\/www.talentmensch.coach\/#\/schema\/person\/26e1abfb338106b844248db288ebdbdd","name":"manuela thie","sameAs":["http:\/\/talentmensch.coach"],"url":"https:\/\/www.talentmensch.coach\/index.php\/author\/manuela\/"}]}},"_links":{"self":[{"href":"https:\/\/www.talentmensch.coach\/index.php\/wp-json\/wp\/v2\/posts\/2656","targetHints":{"allow":["GET"]}}],"collection":[{"href":"https:\/\/www.talentmensch.coach\/index.php\/wp-json\/wp\/v2\/posts"}],"about":[{"href":"https:\/\/www.talentmensch.coach\/index.php\/wp-json\/wp\/v2\/types\/post"}],"author":[{"embeddable":true,"href":"https:\/\/www.talentmensch.coach\/index.php\/wp-json\/wp\/v2\/users\/2"}],"replies":[{"embeddable":true,"href":"https:\/\/www.talentmensch.coach\/index.php\/wp-json\/wp\/v2\/comments?post=2656"}],"version-history":[{"count":1,"href":"https:\/\/www.talentmensch.coach\/index.php\/wp-json\/wp\/v2\/posts\/2656\/revisions"}],"predecessor-version":[{"id":2658,"href":"https:\/\/www.talentmensch.coach\/index.php\/wp-json\/wp\/v2\/posts\/2656\/revisions\/2658"}],"wp:featuredmedia":[{"embeddable":true,"href":"https:\/\/www.talentmensch.coach\/index.php\/wp-json\/wp\/v2\/media\/2657"}],"wp:attachment":[{"href":"https:\/\/www.talentmensch.coach\/index.php\/wp-json\/wp\/v2\/media?parent=2656"}],"wp:term":[{"taxonomy":"category","embeddable":true,"href":"https:\/\/www.talentmensch.coach\/index.php\/wp-json\/wp\/v2\/categories?post=2656"},{"taxonomy":"post_tag","embeddable":true,"href":"https:\/\/www.talentmensch.coach\/index.php\/wp-json\/wp\/v2\/tags?post=2656"}],"curies":[{"name":"wp","href":"https:\/\/api.w.org\/{rel}","templated":true}]}}